{"id":4470,"date":"2025-06-29T09:12:02","date_gmt":"2025-06-29T08:12:02","guid":{"rendered":"https:\/\/www.buergerbus-weyhe.de\/?p=4470"},"modified":"2025-07-01T08:00:07","modified_gmt":"2025-07-01T07:00:07","slug":"jahreshauptversammlung-am-24-06-2025","status":"publish","type":"post","link":"https:\/\/www.buergerbus-weyhe.de\/?p=4470","title":{"rendered":"Jahreshauptversammlung am 24.06.2025"},"content":{"rendered":"\n<p>Der B\u00fcrgerBus Weyhe e.V. f\u00fchrte am 24.06.25 seine Jahreshauptversammlung in der Mensa der KGS Kirchweyhe durch.<br>Neben zahlreichen Mitgliedern war auch unser B\u00fcrgermeister Frank Seidel als geladener Gast vertreten.<br>Der Vorstand berichtete von den in 2024 durchgef\u00fchrten Aktivit\u00e4ten, u.a. Teilnahme am Fr\u00fchjahrsmarkt in Kirchweyhe, von der Teilnahme zum Festakt des 50j\u00e4hrigen Bestehens der Gemeinde, von durchgef\u00fchrten Fahrten beim Tag der offenen T\u00fcr bei der AWG Bassum und vieles Weitere.<br>Bei einer im Oktober 2024 gestarteten Werbeaktion konnten bis zum heutigen Tag zehn neue Fahrerinnen und Fahrer gewonnen werden, aktuell sind 40 Fahrerinnen und Fahrer aktiv dabei. <br>Der B\u00fcrgermeister lie\u00df es sich nicht nehmen langj\u00e4hrigen Fahrerinnen und Fahrern seinen pers\u00f6nlichen Dank auszusprechen. Ebenso lobte er die Erfolgsstory des Vereins, der seit seinem Bestehen schon \u00fcber 460.000 Fahrg\u00e4ste bef\u00f6rdern konnte. Allein in 2024 wurden knapp 25.000 Fahrg\u00e4ste bef\u00f6rdert. Der Verein trage dabei wesentlich zur sozialen Teilhabe innerhalb der Gemeinde bei, insbesondere \u00e4ltere B\u00fcrgerinnen und B\u00fcrger seien so mobil.<br>Es standen aber auch Neuwahlen des Vorstands an, zum einen turnusgem\u00e4\u00df, zum anderen weil sowohl die 1. Vorsitzende Regine von Larcher nach acht Jahren als auch die Rechnungsf\u00fchrerin Ute Lackmann nach \u00fcber sieben Jahren ihre Aufgaben zur Verf\u00fcgung stellten. Der Verein bedankte sich au\u00dferordentlich bei beiden ausscheidenden Vorstandsmitgliedern f\u00fcr die in den vergangenen Jahren geleistete Arbeit.<br>Als 1. Vorsitzender wurde Olaf Kaiser gew\u00e4hlt, bisher nahm er die Aufgabe des 2. Vorsitzenden wahr.<br>Cathrin Mahlau wurde als 2. Vorsitzende neu in den Vorstand gew\u00e4hlt, ebenso wie Martin Rieckhoff als Rechnungsf\u00fchrer, die anderen Vorstandsmitglieder wurden einstimmig wieder gew\u00e4hlt.<br>Zum Abschluss der Versammlung regte J\u00f6rn Rosenthal als Vertreter vom B\u00fcndnis 90\/Die Gr\u00fcnen an die Fahrrouten der beiden B\u00fcrgerBus-Linien zu \u00fcberdenken, wenn die Stra\u00dfenbahn von Bremen nach Leeste fertiggestellt ist um eine Anbindung zu gew\u00e4hrleisten.<\/p>\n\n\n\n<figure class=\"wp-block-image size-full is-resized\"><img loading=\"lazy\" decoding=\"async\" width=\"954\" height=\"757\" src=\"https:\/\/www.buergerbus-weyhe.de\/wp-content\/uploads\/2025\/06\/grafik-1.png\" alt=\"\" class=\"wp-image-4472\" style=\"width:647px;height:auto\" srcset=\"https:\/\/www.buergerbus-weyhe.de\/wp-content\/uploads\/2025\/06\/grafik-1.png 954w, https:\/\/www.buergerbus-weyhe.de\/wp-content\/uploads\/2025\/06\/grafik-1-300x238.png 300w, https:\/\/www.buergerbus-weyhe.de\/wp-content\/uploads\/2025\/06\/grafik-1-150x119.png 150w, https:\/\/www.buergerbus-weyhe.de\/wp-content\/uploads\/2025\/06\/grafik-1-768x609.png 768w\" sizes=\"auto, (max-width: 954px) 100vw, 954px\" \/><\/figure>\n\n\n\n<p>Der neu gew\u00e4hlte Vorstand von links nach rechts:<br>Olaf Kaiser (1. Vorsitzender), Peter Meyer (Schriftf\u00fchrer), Cathrin Mahlau (2. Vorsitzende), Martin Rieckhoff (Rechnungsf\u00fchrer), Sabine M\u00fcller (3. Vorsitzende), Andreas Haar (Beisitzer Technik), Lothar Cordes (Fahrdienstleiter)<\/p>\n\n\n\n<figure class=\"wp-block-image size-large\"><img loading=\"lazy\" decoding=\"async\" width=\"1024\" height=\"649\" src=\"https:\/\/www.buergerbus-weyhe.de\/wp-content\/uploads\/2025\/06\/grafik-2-1024x649.png\" alt=\"\" class=\"wp-image-4473\" srcset=\"https:\/\/www.buergerbus-weyhe.de\/wp-content\/uploads\/2025\/06\/grafik-2-1024x649.png 1024w, https:\/\/www.buergerbus-weyhe.de\/wp-content\/uploads\/2025\/06\/grafik-2-300x190.png 300w, https:\/\/www.buergerbus-weyhe.de\/wp-content\/uploads\/2025\/06\/grafik-2-150x95.png 150w, https:\/\/www.buergerbus-weyhe.de\/wp-content\/uploads\/2025\/06\/grafik-2-768x487.png 768w, https:\/\/www.buergerbus-weyhe.de\/wp-content\/uploads\/2025\/06\/grafik-2.png 1086w\" sizes=\"auto, (max-width: 1024px) 100vw, 1024px\" \/><\/figure>\n\n\n\n<p>Folgende Vereinsmitglieder wurden von B\u00fcrgermeister Frank Seidel geehrt:<br>Lothar Cordes (10 Jahre Fahrt\u00e4tigkeit), Regine von Larcher (ausscheidende 1. Vorsitzende), G\u00fcnther Schwarz (5 Jahre), Cathrin Mahlau (5 Jahre), Olaf Kaiser (neuer 1. Vorsitzender), Rolf Neuner (15 Jahre), Ute Lackmann (ausscheidende Rechnungsf\u00fchrerin), B\u00fcrgermeister Frank Seidel, Annelie Schocke (15 Jahre), Hans-J\u00fcrgen Surhoff (5 Jahre), Olaf Dr\u00fccker (5 Jahre). <br>Nicht anwesend waren Thomas Petersen (5 Jahre) und Christian L\u00fccke (15 Jahre).<br><br><\/p>\n","protected":false},"excerpt":{"rendered":"<p>Der B\u00fcrgerBus Weyhe e.V. f\u00fchrte am 24.06.25 seine Jahreshauptversammlung in der Mensa der KGS Kirchweyhe durch.Neben zahlreichen Mitgliedern war auch unser B\u00fcrgermeister Frank Seidel als geladener Gast vertreten.Der Vorstand berichtete von den in 2024 durchgef\u00fchrten Aktivit\u00e4ten, u.a. Teilnahme am Fr\u00fchjahrsmarkt<\/p>\n","protected":false},"author":40,"featured_media":0,"comment_status":"closed","ping_status":"closed","sticky":false,"template":"","format":"standard","meta":{"footnotes":""},"categories":[5],"tags":[],"class_list":["post-4470","post","type-post","status-publish","format-standard","hentry","category-aktuelles"],"_links":{"self":[{"href":"https:\/\/www.buergerbus-weyhe.de\/index.php?rest_route=\/wp\/v2\/posts\/4470","targetHints":{"allow":["GET"]}}],"collection":[{"href":"https:\/\/www.buergerbus-weyhe.de\/index.php?rest_route=\/wp\/v2\/posts"}],"about":[{"href":"https:\/\/www.buergerbus-weyhe.de\/index.php?rest_route=\/wp\/v2\/types\/post"}],"author":[{"embeddable":true,"href":"https:\/\/www.buergerbus-weyhe.de\/index.php?rest_route=\/wp\/v2\/users\/40"}],"replies":[{"embeddable":true,"href":"https:\/\/www.buergerbus-weyhe.de\/index.php?rest_route=%2Fwp%2Fv2%2Fcomments&post=4470"}],"version-history":[{"count":8,"href":"https:\/\/www.buergerbus-weyhe.de\/index.php?rest_route=\/wp\/v2\/posts\/4470\/revisions"}],"predecessor-version":[{"id":4492,"href":"https:\/\/www.buergerbus-weyhe.de\/index.php?rest_route=\/wp\/v2\/posts\/4470\/revisions\/4492"}],"wp:attachment":[{"href":"https:\/\/www.buergerbus-weyhe.de\/index.php?rest_route=%2Fwp%2Fv2%2Fmedia&parent=4470"}],"wp:term":[{"taxonomy":"category","embeddable":true,"href":"https:\/\/www.buergerbus-weyhe.de\/index.php?rest_route=%2Fwp%2Fv2%2Fcategories&post=4470"},{"taxonomy":"post_tag","embeddable":true,"href":"https:\/\/www.buergerbus-weyhe.de\/index.php?rest_route=%2Fwp%2Fv2%2Ftags&post=4470"}],"curies":[{"name":"wp","href":"https:\/\/api.w.org\/{rel}","templated":true}]}}