{"id":4380,"date":"2025-05-17T08:37:02","date_gmt":"2025-05-17T07:37:02","guid":{"rendered":"https:\/\/www.buergerbus-weyhe.de\/?p=4380"},"modified":"2025-05-17T08:37:03","modified_gmt":"2025-05-17T07:37:03","slug":"klima-umweltschutztag-in-stuhr-am-10-mai-2025","status":"publish","type":"post","link":"https:\/\/www.buergerbus-weyhe.de\/?p=4380","title":{"rendered":"klima &amp; umweltschutztag in Stuhr am 10. Mai 2025"},"content":{"rendered":"\n<p>Der B\u00fcrgerBus Weyhe e.V. pr\u00e4sentierte einen B\u00fcrgerbus anl\u00e4sslich des klima &amp; umweltschutztags, um interessierten B\u00fcrgerinnen und B\u00fcrgern einen B\u00fcrgerbus vorzustellen.<br>In der Gemeinde Stuhr laufen Bestrebungen auch einen B\u00fcrgerbus zu implementieren, die Verwirklichung wird aufgrund der erforderlichen Vorbereitungen wohl noch 1,5 bis 2 Jahre in Anspruch nehmen.<\/p>\n\n\n\n<figure class=\"wp-block-image size-large\"><img loading=\"lazy\" decoding=\"async\" width=\"1024\" height=\"1024\" src=\"https:\/\/www.buergerbus-weyhe.de\/wp-content\/uploads\/2025\/05\/WhatsApp-Bild-2025-05-10-um-21.24.27_dd9baa83-1024x1024.jpg\" alt=\"\" class=\"wp-image-4381\" srcset=\"https:\/\/www.buergerbus-weyhe.de\/wp-content\/uploads\/2025\/05\/WhatsApp-Bild-2025-05-10-um-21.24.27_dd9baa83-1024x1024.jpg 1024w, https:\/\/www.buergerbus-weyhe.de\/wp-content\/uploads\/2025\/05\/WhatsApp-Bild-2025-05-10-um-21.24.27_dd9baa83-300x300.jpg 300w, https:\/\/www.buergerbus-weyhe.de\/wp-content\/uploads\/2025\/05\/WhatsApp-Bild-2025-05-10-um-21.24.27_dd9baa83-150x150.jpg 150w, https:\/\/www.buergerbus-weyhe.de\/wp-content\/uploads\/2025\/05\/WhatsApp-Bild-2025-05-10-um-21.24.27_dd9baa83-768x768.jpg 768w, https:\/\/www.buergerbus-weyhe.de\/wp-content\/uploads\/2025\/05\/WhatsApp-Bild-2025-05-10-um-21.24.27_dd9baa83-1536x1536.jpg 1536w, https:\/\/www.buergerbus-weyhe.de\/wp-content\/uploads\/2025\/05\/WhatsApp-Bild-2025-05-10-um-21.24.27_dd9baa83-270x270.jpg 270w, https:\/\/www.buergerbus-weyhe.de\/wp-content\/uploads\/2025\/05\/WhatsApp-Bild-2025-05-10-um-21.24.27_dd9baa83-230x230.jpg 230w, https:\/\/www.buergerbus-weyhe.de\/wp-content\/uploads\/2025\/05\/WhatsApp-Bild-2025-05-10-um-21.24.27_dd9baa83.jpg 2048w\" sizes=\"auto, (max-width: 1024px) 100vw, 1024px\" \/><\/figure>\n","protected":false},"excerpt":{"rendered":"<p>Der B\u00fcrgerBus Weyhe e.V. pr\u00e4sentierte einen B\u00fcrgerbus anl\u00e4sslich des klima &amp; umweltschutztags, um interessierten B\u00fcrgerinnen und B\u00fcrgern einen B\u00fcrgerbus vorzustellen.In der Gemeinde Stuhr laufen Bestrebungen auch einen B\u00fcrgerbus zu implementieren, die Verwirklichung wird aufgrund der erforderlichen Vorbereitungen wohl noch 1,5<\/p>\n","protected":false},"author":40,"featured_media":0,"comment_status":"closed","ping_status":"closed","sticky":false,"template":"","format":"standard","meta":{"footnotes":""},"categories":[5],"tags":[],"class_list":["post-4380","post","type-post","status-publish","format-standard","hentry","category-aktuelles"],"_links":{"self":[{"href":"https:\/\/www.buergerbus-weyhe.de\/index.php?rest_route=\/wp\/v2\/posts\/4380","targetHints":{"allow":["GET"]}}],"collection":[{"href":"https:\/\/www.buergerbus-weyhe.de\/index.php?rest_route=\/wp\/v2\/posts"}],"about":[{"href":"https:\/\/www.buergerbus-weyhe.de\/index.php?rest_route=\/wp\/v2\/types\/post"}],"author":[{"embeddable":true,"href":"https:\/\/www.buergerbus-weyhe.de\/index.php?rest_route=\/wp\/v2\/users\/40"}],"replies":[{"embeddable":true,"href":"https:\/\/www.buergerbus-weyhe.de\/index.php?rest_route=%2Fwp%2Fv2%2Fcomments&post=4380"}],"version-history":[{"count":1,"href":"https:\/\/www.buergerbus-weyhe.de\/index.php?rest_route=\/wp\/v2\/posts\/4380\/revisions"}],"predecessor-version":[{"id":4382,"href":"https:\/\/www.buergerbus-weyhe.de\/index.php?rest_route=\/wp\/v2\/posts\/4380\/revisions\/4382"}],"wp:attachment":[{"href":"https:\/\/www.buergerbus-weyhe.de\/index.php?rest_route=%2Fwp%2Fv2%2Fmedia&parent=4380"}],"wp:term":[{"taxonomy":"category","embeddable":true,"href":"https:\/\/www.buergerbus-weyhe.de\/index.php?rest_route=%2Fwp%2Fv2%2Fcategories&post=4380"},{"taxonomy":"post_tag","embeddable":true,"href":"https:\/\/www.buergerbus-weyhe.de\/index.php?rest_route=%2Fwp%2Fv2%2Ftags&post=4380"}],"curies":[{"name":"wp","href":"https:\/\/api.w.org\/{rel}","templated":true}]}}