{"id":4375,"date":"2025-05-17T08:30:19","date_gmt":"2025-05-17T07:30:19","guid":{"rendered":"https:\/\/www.buergerbus-weyhe.de\/?p=4375"},"modified":"2025-05-17T08:30:19","modified_gmt":"2025-05-17T07:30:19","slug":"neuer-buergerbus-auf-der-linie-117","status":"publish","type":"post","link":"https:\/\/www.buergerbus-weyhe.de\/?p=4375","title":{"rendered":"Neuer B\u00fcrgerBus auf der Linie 117"},"content":{"rendered":"\n<p><em>Bericht aus dem WeserKurier vom 07.05.2025 von Alexandra Penth<\/em><\/p>\n\n\n\n<p>Seine Jungfernfahrt absolviert der neue Bus des Weyher B\u00fcrgerbusvereins in der kommenden Woche. Das Fahrzeug wurde aber schon im Vorfeld offiziell vorgestellt. <br><em>(Anmerkung vom BB Weyhe: am 05.05.2025)<\/em><br>Seinen ersten Auftritt hatte der neue Bus des Weyher B\u00fcrgerbusvereins bereits auf dem Leester Fr\u00fchlingsmarkt. Nun wurde er auf dem Garagenhof des Vereins im Beisein von F\u00f6rderern sowie Vertretern aus Rat und Gemeindeverwaltung noch einmal offiziell vorgestellt. Ab der kommenden Woche soll das neue Fahrzeug dann regul\u00e4r auf der Linie 117 in der Gemeinde unterwegs sein. Vorher muss erst noch das Kassensystem vom alten in den neuen Bus integriert werden. <br>&#8222;Der Bus ist noch ger\u00e4umiger als vorher&#8220;, lautete das Fazit von B\u00fcrgermeister Frank Seidel, der sich das Fahrzeug bereits beim Fr\u00fchlingsmarkt angesehen hatte. Der neue Bus sei &#8222;einen knappen Meter l\u00e4nger&#8220; als das vorherige Modell, das nun verkauft werden soll.<\/p>\n\n\n\n<p>Der B\u00fcrgerbusverein hat sich diesmal f\u00fcr einen anderen Hersteller entschieden. Die Wahl fiel auf die Firma Tribus aus den Niederlanden mit einem MAN-Fahrzeug. &#8222;Der Bus wurde innen so umgebaut, dass er f\u00fcr unseren B\u00fcrgerbusverein geeignet ist&#8220;, sagte dessen erste Vorsitzende Regine von Larcher. Das neue Modell bietet einen eigenen Einstieg f\u00fcr den Fahrer und wirke ger\u00e4umiger. &#8222;Der Bus ist besser ausgestattet&#8220;, sagte von Larcher insbesondere mit Blick auf mobilit\u00e4tseingeschr\u00e4nkte Menschen: &#8222;Es geht schnell, Rollst\u00fchle zu sichern.&#8220; Das Platzangebot bleibt mit acht Sitzpl\u00e4tzen f\u00fcr Fahrg\u00e4ste bestehen. Mehr d\u00fcrfe der B\u00fcrgerbusverein auch nicht transportieren, sagt von Larcher.<\/p>\n\n\n\n<p>Der B\u00fcrgerbusverein schaffe dort Mobilit\u00e4t, wo es sonst zum Teil keine g\u00e4be, hob Frank Seidel hervor: &#8222;Der B\u00fcrgerbusverein ist ein wesentlicher Motor daf\u00fcr, dass Menschen, die nicht mobil sind, Teilhabe erfahren.&#8220; Der Verein k\u00f6nne sich immer der Unterst\u00fctzung der Gemeinde gewiss sein. So stellt die Politik jedes Jahr Haushaltsmittel bereit, falls ben\u00f6tigt. Diese wurden in der Vergangenheit jedoch so gut wie nie abgerufen. F\u00fcr Frank Seidel zeigt das vor allem eines: &#8222;Der Verein tr\u00e4gt sich selbst, es funktioniert.&#8220;<\/p>\n\n\n\n<p>Knapp 113.000 Euro hat der neue Bus gekostet, rund 99.000 Euro gab es durch F\u00f6rdermittel der Landesnahverkehrsgesellschaft Niedersachsen mbH (LNVG) und des Zweckverbandes Verkehrsverbund Bremen\/Niedersachsen (ZVBN). Den Rest hat der Verein selbst aufgebracht.<\/p>\n\n\n\n<h2 class=\"wp-block-heading\" id=\"wk-werbeoffensivezeigtwirkung\">Werbeoffensive zeigt Wirkung<\/h2>\n\n\n\n<p>Im vergangenen Jahr war der Weyher B\u00fcrgerbusverein in die Offensive gegangen und hatte sein Bauzaunbanner reaktiviert, um neue Fahrerinnen und Fahrer zu gewinnen (wir berichteten). Denn einige Bef\u00f6rderungsscheine laufen in diesem Jahr aus und nicht immer kommt eine Erneuerung infrage. Die Werbeaktion hatte erneut Erfolg gezeigt: &#8222;Wir haben zehn neue Fahrerinnen und Fahrer dazu gewonnen&#8220;, freute sich Regine von Larcher. Derzeit gibt es somit 40 ehrenamtliche Fahrer. Wobei: &#8222;Wir k\u00f6nnen auch noch gut neue Frauen gebrauchen. Wir hatten schon ein besseres Verh\u00e4ltnis, inzwischen sind es aber weniger Frauen geworden&#8220;, erkl\u00e4rte von Larcher.<\/p>\n\n\n\n<p>Der vorherige Bus war f\u00fcnf Jahre auf der Linie 117 im Einsatz gewesen, sodass wegen der gefahrenen Kilometer eine neue F\u00f6rderung abgerufen werden konnte. Der Bus von der Firma Kutsenits aus \u00d6sterreich hat fast 300.000 Kilometer auf dem Buckel. &#8222;Wir fahren etwa 50.000 Kilometer im Jahr&#8220;, sagte Regine von Larcher.<\/p>\n\n\n\n<figure class=\"wp-block-image size-full\"><img loading=\"lazy\" decoding=\"async\" width=\"960\" height=\"540\" src=\"https:\/\/www.buergerbus-weyhe.de\/wp-content\/uploads\/2025\/05\/Landscapedoc80i7251gyd41g4i9k9gu-jpg.webp\" alt=\"\" class=\"wp-image-4376\" srcset=\"https:\/\/www.buergerbus-weyhe.de\/wp-content\/uploads\/2025\/05\/Landscapedoc80i7251gyd41g4i9k9gu-jpg.webp 960w, https:\/\/www.buergerbus-weyhe.de\/wp-content\/uploads\/2025\/05\/Landscapedoc80i7251gyd41g4i9k9gu-jpg-300x169.webp 300w, https:\/\/www.buergerbus-weyhe.de\/wp-content\/uploads\/2025\/05\/Landscapedoc80i7251gyd41g4i9k9gu-jpg-150x84.webp 150w, https:\/\/www.buergerbus-weyhe.de\/wp-content\/uploads\/2025\/05\/Landscapedoc80i7251gyd41g4i9k9gu-jpg-768x432.webp 768w\" sizes=\"auto, (max-width: 960px) 100vw, 960px\" \/><\/figure>\n\n\n\n<p>Zahlreiche G\u00e4ste waren erschienen, um den neuen Bus zu begutachten. <br>Foto: Vasil Dinev<\/p>\n","protected":false},"excerpt":{"rendered":"<p>Bericht aus dem WeserKurier vom 07.05.2025 von Alexandra Penth Seine Jungfernfahrt absolviert der neue Bus des Weyher B\u00fcrgerbusvereins in der kommenden Woche. Das Fahrzeug wurde aber schon im Vorfeld offiziell vorgestellt. (Anmerkung vom BB Weyhe: am 05.05.2025)Seinen ersten Auftritt hatte<\/p>\n","protected":false},"author":40,"featured_media":0,"comment_status":"closed","ping_status":"closed","sticky":false,"template":"","format":"standard","meta":{"footnotes":""},"categories":[5],"tags":[],"class_list":["post-4375","post","type-post","status-publish","format-standard","hentry","category-aktuelles"],"_links":{"self":[{"href":"https:\/\/www.buergerbus-weyhe.de\/index.php?rest_route=\/wp\/v2\/posts\/4375","targetHints":{"allow":["GET"]}}],"collection":[{"href":"https:\/\/www.buergerbus-weyhe.de\/index.php?rest_route=\/wp\/v2\/posts"}],"about":[{"href":"https:\/\/www.buergerbus-weyhe.de\/index.php?rest_route=\/wp\/v2\/types\/post"}],"author":[{"embeddable":true,"href":"https:\/\/www.buergerbus-weyhe.de\/index.php?rest_route=\/wp\/v2\/users\/40"}],"replies":[{"embeddable":true,"href":"https:\/\/www.buergerbus-weyhe.de\/index.php?rest_route=%2Fwp%2Fv2%2Fcomments&post=4375"}],"version-history":[{"count":3,"href":"https:\/\/www.buergerbus-weyhe.de\/index.php?rest_route=\/wp\/v2\/posts\/4375\/revisions"}],"predecessor-version":[{"id":4379,"href":"https:\/\/www.buergerbus-weyhe.de\/index.php?rest_route=\/wp\/v2\/posts\/4375\/revisions\/4379"}],"wp:attachment":[{"href":"https:\/\/www.buergerbus-weyhe.de\/index.php?rest_route=%2Fwp%2Fv2%2Fmedia&parent=4375"}],"wp:term":[{"taxonomy":"category","embeddable":true,"href":"https:\/\/www.buergerbus-weyhe.de\/index.php?rest_route=%2Fwp%2Fv2%2Fcategories&post=4375"},{"taxonomy":"post_tag","embeddable":true,"href":"https:\/\/www.buergerbus-weyhe.de\/index.php?rest_route=%2Fwp%2Fv2%2Ftags&post=4375"}],"curies":[{"name":"wp","href":"https:\/\/api.w.org\/{rel}","templated":true}]}}