{"id":4089,"date":"2024-08-07T09:00:05","date_gmt":"2024-08-07T08:00:05","guid":{"rendered":"https:\/\/www.buergerbus-weyhe.de\/?p=4089"},"modified":"2024-08-07T09:00:47","modified_gmt":"2024-08-07T08:00:47","slug":"50-jahre-gemeinde-weyhe","status":"publish","type":"post","link":"https:\/\/www.buergerbus-weyhe.de\/?p=4089","title":{"rendered":"50 Jahre Gemeinde Weyhe"},"content":{"rendered":"\n<p>Anl\u00e4sslich des 50. Geburtstags der Gemeinde Weyhe konnten sich alle Vereine der Gemeinde auf dem Marktplatz in Kirchweyhe pr\u00e4sentieren.<br>Der B\u00fcrgerBus Weyhe e.V. war nat\u00fcrlich auch vertreten und pr\u00e4sentierte sich mit einem B\u00fcrgerBus. <br>Auf dem Bild sind die 1. Vorsitzende Regine von Larcher sowie der Fahrdienstleiter Lothar Cordes in einem Gespr\u00e4ch vertieft.<\/p>\n\n\n\n<figure class=\"wp-block-image size-full\"><img loading=\"lazy\" decoding=\"async\" width=\"1000\" height=\"1000\" src=\"https:\/\/www.buergerbus-weyhe.de\/wp-content\/uploads\/2024\/08\/42.-Collage-50-Jahre.jpg\" alt=\"\" class=\"wp-image-4090\" srcset=\"https:\/\/www.buergerbus-weyhe.de\/wp-content\/uploads\/2024\/08\/42.-Collage-50-Jahre.jpg 1000w, https:\/\/www.buergerbus-weyhe.de\/wp-content\/uploads\/2024\/08\/42.-Collage-50-Jahre-300x300.jpg 300w, https:\/\/www.buergerbus-weyhe.de\/wp-content\/uploads\/2024\/08\/42.-Collage-50-Jahre-150x150.jpg 150w, https:\/\/www.buergerbus-weyhe.de\/wp-content\/uploads\/2024\/08\/42.-Collage-50-Jahre-768x768.jpg 768w, https:\/\/www.buergerbus-weyhe.de\/wp-content\/uploads\/2024\/08\/42.-Collage-50-Jahre-270x270.jpg 270w, https:\/\/www.buergerbus-weyhe.de\/wp-content\/uploads\/2024\/08\/42.-Collage-50-Jahre-230x230.jpg 230w\" sizes=\"auto, (max-width: 1000px) 100vw, 1000px\" \/><\/figure>\n","protected":false},"excerpt":{"rendered":"<p>Anl\u00e4sslich des 50. Geburtstags der Gemeinde Weyhe konnten sich alle Vereine der Gemeinde auf dem Marktplatz in Kirchweyhe pr\u00e4sentieren.Der B\u00fcrgerBus Weyhe e.V. war nat\u00fcrlich auch vertreten und pr\u00e4sentierte sich mit einem B\u00fcrgerBus. Auf dem Bild sind die 1. Vorsitzende Regine<\/p>\n","protected":false},"author":40,"featured_media":0,"comment_status":"closed","ping_status":"","sticky":false,"template":"","format":"standard","meta":{"footnotes":""},"categories":[5],"tags":[],"class_list":["post-4089","post","type-post","status-publish","format-standard","hentry","category-aktuelles"],"_links":{"self":[{"href":"https:\/\/www.buergerbus-weyhe.de\/index.php?rest_route=\/wp\/v2\/posts\/4089","targetHints":{"allow":["GET"]}}],"collection":[{"href":"https:\/\/www.buergerbus-weyhe.de\/index.php?rest_route=\/wp\/v2\/posts"}],"about":[{"href":"https:\/\/www.buergerbus-weyhe.de\/index.php?rest_route=\/wp\/v2\/types\/post"}],"author":[{"embeddable":true,"href":"https:\/\/www.buergerbus-weyhe.de\/index.php?rest_route=\/wp\/v2\/users\/40"}],"replies":[{"embeddable":true,"href":"https:\/\/www.buergerbus-weyhe.de\/index.php?rest_route=%2Fwp%2Fv2%2Fcomments&post=4089"}],"version-history":[{"count":2,"href":"https:\/\/www.buergerbus-weyhe.de\/index.php?rest_route=\/wp\/v2\/posts\/4089\/revisions"}],"predecessor-version":[{"id":4092,"href":"https:\/\/www.buergerbus-weyhe.de\/index.php?rest_route=\/wp\/v2\/posts\/4089\/revisions\/4092"}],"wp:attachment":[{"href":"https:\/\/www.buergerbus-weyhe.de\/index.php?rest_route=%2Fwp%2Fv2%2Fmedia&parent=4089"}],"wp:term":[{"taxonomy":"category","embeddable":true,"href":"https:\/\/www.buergerbus-weyhe.de\/index.php?rest_route=%2Fwp%2Fv2%2Fcategories&post=4089"},{"taxonomy":"post_tag","embeddable":true,"href":"https:\/\/www.buergerbus-weyhe.de\/index.php?rest_route=%2Fwp%2Fv2%2Ftags&post=4089"}],"curies":[{"name":"wp","href":"https:\/\/api.w.org\/{rel}","templated":true}]}}