{"id":3615,"date":"2023-11-10T15:47:15","date_gmt":"2023-11-10T14:47:15","guid":{"rendered":"http:\/\/www.buergerbus-weyhe.de\/?p=3615"},"modified":"2023-12-10T20:48:03","modified_gmt":"2023-12-10T19:48:03","slug":"neue-fahrplaene-ab-dem-10-dezember-2023","status":"publish","type":"post","link":"https:\/\/www.buergerbus-weyhe.de\/?p=3615","title":{"rendered":"Neue Fahrpl\u00e4ne ab dem 10. Dezember 2023"},"content":{"rendered":"\n<p><strong> <mark style=\"background-color:rgba(0, 0, 0, 0)\" class=\"has-inline-color has-vivid-red-color\">Seit dem 10. Dezember 2023<\/mark><\/strong> gelten f\u00fcr beide Linien neue Fahrpl\u00e4ne.<br>Alle bisherigen Zeiten wurden um f\u00fcnf Minuten vorverlegt.<br>Grund daf\u00fcr ist der neue Fahrplan der DB f\u00fcr Z\u00fcge von und nach Bremen.<br>Mit der Vorverlegung um f\u00fcnf Minuten bleiben s\u00e4mtliche Umsteigem\u00f6glichkeiten erhalten, insbesondere f\u00fcr die Haltestelle &#8222;Theater&#8220; am Marktplatz sowie f\u00fcr Z\u00fcge von und nach Bremen.<br>Die neuen ab dem 10. Dezember geltenden Fahrpl\u00e4ne k\u00f6nnen hier aufgerufen werden:<br><br><a href=\"https:\/\/www.buergerbus-weyhe.de\/wp-content\/uploads\/2023\/10\/116-Fahrplan-ab-10.12.23.pdf\">Linie 116 ab dem 10. Dezember 2023<\/a><br><br><a href=\"https:\/\/www.buergerbus-weyhe.de\/wp-content\/uploads\/2023\/10\/117-Fahrplan-ab-10.12.23.pdf\">Linie 117 ab dem 10. Dezember 2023<\/a><br><br><\/p>\n","protected":false},"excerpt":{"rendered":"<p>Seit dem 10. Dezember 2023 gelten f\u00fcr beide Linien neue Fahrpl\u00e4ne.Alle bisherigen Zeiten wurden um f\u00fcnf Minuten vorverlegt.Grund daf\u00fcr ist der neue Fahrplan der DB f\u00fcr Z\u00fcge von und nach Bremen.Mit der Vorverlegung um f\u00fcnf Minuten bleiben s\u00e4mtliche Umsteigem\u00f6glichkeiten erhalten,<\/p>\n","protected":false},"author":40,"featured_media":0,"comment_status":"closed","ping_status":"closed","sticky":false,"template":"","format":"standard","meta":{"footnotes":""},"categories":[5],"tags":[],"class_list":["post-3615","post","type-post","status-publish","format-standard","hentry","category-aktuelles"],"_links":{"self":[{"href":"https:\/\/www.buergerbus-weyhe.de\/index.php?rest_route=\/wp\/v2\/posts\/3615","targetHints":{"allow":["GET"]}}],"collection":[{"href":"https:\/\/www.buergerbus-weyhe.de\/index.php?rest_route=\/wp\/v2\/posts"}],"about":[{"href":"https:\/\/www.buergerbus-weyhe.de\/index.php?rest_route=\/wp\/v2\/types\/post"}],"author":[{"embeddable":true,"href":"https:\/\/www.buergerbus-weyhe.de\/index.php?rest_route=\/wp\/v2\/users\/40"}],"replies":[{"embeddable":true,"href":"https:\/\/www.buergerbus-weyhe.de\/index.php?rest_route=%2Fwp%2Fv2%2Fcomments&post=3615"}],"version-history":[{"count":6,"href":"https:\/\/www.buergerbus-weyhe.de\/index.php?rest_route=\/wp\/v2\/posts\/3615\/revisions"}],"predecessor-version":[{"id":3731,"href":"https:\/\/www.buergerbus-weyhe.de\/index.php?rest_route=\/wp\/v2\/posts\/3615\/revisions\/3731"}],"wp:attachment":[{"href":"https:\/\/www.buergerbus-weyhe.de\/index.php?rest_route=%2Fwp%2Fv2%2Fmedia&parent=3615"}],"wp:term":[{"taxonomy":"category","embeddable":true,"href":"https:\/\/www.buergerbus-weyhe.de\/index.php?rest_route=%2Fwp%2Fv2%2Fcategories&post=3615"},{"taxonomy":"post_tag","embeddable":true,"href":"https:\/\/www.buergerbus-weyhe.de\/index.php?rest_route=%2Fwp%2Fv2%2Ftags&post=3615"}],"curies":[{"name":"wp","href":"https:\/\/api.w.org\/{rel}","templated":true}]}}