{"id":3396,"date":"2023-08-27T08:25:18","date_gmt":"2023-08-27T07:25:18","guid":{"rendered":"http:\/\/www.buergerbus-weyhe.de\/?p=3396"},"modified":"2023-08-27T08:25:19","modified_gmt":"2023-08-27T07:25:19","slug":"langjaehrige-buergerbus-fahrer-innen-wurden-von-buergermeister-frank-seidel-geehrt","status":"publish","type":"post","link":"https:\/\/www.buergerbus-weyhe.de\/?p=3396","title":{"rendered":"Langj\u00e4hrige B\u00fcrgerBus-Fahrer\/innen wurden von B\u00fcrgermeister Frank Seidel geehrt"},"content":{"rendered":"\n<figure class=\"wp-block-image size-large\"><img loading=\"lazy\" decoding=\"async\" width=\"923\" height=\"1024\" src=\"https:\/\/www.buergerbus-weyhe.de\/wp-content\/uploads\/2023\/08\/Ehrung-23-08-26-923x1024.jpg\" alt=\"\" class=\"wp-image-3397\" srcset=\"https:\/\/www.buergerbus-weyhe.de\/wp-content\/uploads\/2023\/08\/Ehrung-23-08-26-923x1024.jpg 923w, https:\/\/www.buergerbus-weyhe.de\/wp-content\/uploads\/2023\/08\/Ehrung-23-08-26-270x300.jpg 270w, https:\/\/www.buergerbus-weyhe.de\/wp-content\/uploads\/2023\/08\/Ehrung-23-08-26-135x150.jpg 135w, https:\/\/www.buergerbus-weyhe.de\/wp-content\/uploads\/2023\/08\/Ehrung-23-08-26-768x852.jpg 768w, https:\/\/www.buergerbus-weyhe.de\/wp-content\/uploads\/2023\/08\/Ehrung-23-08-26-1384x1536.jpg 1384w, https:\/\/www.buergerbus-weyhe.de\/wp-content\/uploads\/2023\/08\/Ehrung-23-08-26.jpg 1797w\" sizes=\"auto, (max-width: 923px) 100vw, 923px\" \/><\/figure>\n\n\n\n<p>Anl\u00e4sslich des allj\u00e4hrlichen stattfindenden Grillfests aller B\u00fcrgerBus-Fahrer\/innen ehrte B\u00fcrgermeister Frank Seidel am 26.08.2023 Ulla Linnecke und Andreas Haar (urlaubsbedingt nicht anwesend) f\u00fcr 10j\u00e4hrige ehrenamtliche Fahrt\u00e4tigkeit sowie Wolfgang Wronna und Sabine M\u00fcller f\u00fcr 5j\u00e4hrige ehrenamtliche Fahrt\u00e4tigkeit. <\/p>\n","protected":false},"excerpt":{"rendered":"<p>Anl\u00e4sslich des allj\u00e4hrlichen stattfindenden Grillfests aller B\u00fcrgerBus-Fahrer\/innen ehrte B\u00fcrgermeister Frank Seidel am 26.08.2023 Ulla Linnecke und Andreas Haar (urlaubsbedingt nicht anwesend) f\u00fcr 10j\u00e4hrige ehrenamtliche Fahrt\u00e4tigkeit sowie Wolfgang Wronna und Sabine M\u00fcller f\u00fcr 5j\u00e4hrige ehrenamtliche Fahrt\u00e4tigkeit.<\/p>\n","protected":false},"author":40,"featured_media":0,"comment_status":"closed","ping_status":"closed","sticky":false,"template":"","format":"standard","meta":{"footnotes":""},"categories":[5],"tags":[],"class_list":["post-3396","post","type-post","status-publish","format-standard","hentry","category-aktuelles"],"_links":{"self":[{"href":"https:\/\/www.buergerbus-weyhe.de\/index.php?rest_route=\/wp\/v2\/posts\/3396","targetHints":{"allow":["GET"]}}],"collection":[{"href":"https:\/\/www.buergerbus-weyhe.de\/index.php?rest_route=\/wp\/v2\/posts"}],"about":[{"href":"https:\/\/www.buergerbus-weyhe.de\/index.php?rest_route=\/wp\/v2\/types\/post"}],"author":[{"embeddable":true,"href":"https:\/\/www.buergerbus-weyhe.de\/index.php?rest_route=\/wp\/v2\/users\/40"}],"replies":[{"embeddable":true,"href":"https:\/\/www.buergerbus-weyhe.de\/index.php?rest_route=%2Fwp%2Fv2%2Fcomments&post=3396"}],"version-history":[{"count":5,"href":"https:\/\/www.buergerbus-weyhe.de\/index.php?rest_route=\/wp\/v2\/posts\/3396\/revisions"}],"predecessor-version":[{"id":3402,"href":"https:\/\/www.buergerbus-weyhe.de\/index.php?rest_route=\/wp\/v2\/posts\/3396\/revisions\/3402"}],"wp:attachment":[{"href":"https:\/\/www.buergerbus-weyhe.de\/index.php?rest_route=%2Fwp%2Fv2%2Fmedia&parent=3396"}],"wp:term":[{"taxonomy":"category","embeddable":true,"href":"https:\/\/www.buergerbus-weyhe.de\/index.php?rest_route=%2Fwp%2Fv2%2Fcategories&post=3396"},{"taxonomy":"post_tag","embeddable":true,"href":"https:\/\/www.buergerbus-weyhe.de\/index.php?rest_route=%2Fwp%2Fv2%2Ftags&post=3396"}],"curies":[{"name":"wp","href":"https:\/\/api.w.org\/{rel}","templated":true}]}}