{"id":2849,"date":"2022-04-25T14:42:41","date_gmt":"2022-04-25T13:42:41","guid":{"rendered":"http:\/\/www.buergerbus-weyhe.de\/?p=2849"},"modified":"2023-07-10T08:18:44","modified_gmt":"2023-07-10T07:18:44","slug":"fruehlingsmark-2022","status":"publish","type":"post","link":"https:\/\/www.buergerbus-weyhe.de\/?p=2849","title":{"rendered":"Fr\u00fchlingsmarkt 2022"},"content":{"rendered":"\n<p>Am vergangenen Sonntag hat es nach Corona-bedingter Pause wieder einen verkaufsoffenen Sonntag in Kirchweyhe und Sudweyhe gegeben. Der B\u00fcrgerBus hat sich dabei ebenfalls auf der Bahnhofsstra\u00dfe pr\u00e4sentiert und viele Interessierte konnten sich vor Ort \u00fcber unsere ehrenamtliche T\u00e4tigkeit informieren.  Ein zweiter Bus hat w\u00e4hrend der Nachmittags-\u00d6ffnung der L\u00e4den die Fahrg\u00e4ste innerhalb Kirchweyhes und nach und von Sudweyhe transportiert.<\/p>\n\n\n\n<div data-wp-interactive=\"core\/file\" class=\"wp-block-file\"><object data-wp-bind--hidden=\"!state.hasPdfPreview\" hidden class=\"wp-block-file__embed\" data=\"https:\/\/www.buergerbus-weyhe.de\/wp-content\/uploads\/2022\/04\/Fru\u0308hlingsmarkt_2022.pdf\" type=\"application\/pdf\" style=\"width:100%;height:600px\" aria-label=\"Einbettung von Fru\u0308hlingsmarkt_2022.\"><\/object><a id=\"wp-block-file--media-4da987d1-b805-46bb-84c7-bb9e3e570ad2\" href=\"https:\/\/www.buergerbus-weyhe.de\/wp-content\/uploads\/2022\/04\/Fru\u0308hlingsmarkt_2022.pdf\">Fru\u0308hlingsmarkt_2022<\/a><a href=\"https:\/\/www.buergerbus-weyhe.de\/wp-content\/uploads\/2022\/04\/Fru\u0308hlingsmarkt_2022.pdf\" class=\"wp-block-file__button wp-element-button\" download aria-describedby=\"wp-block-file--media-4da987d1-b805-46bb-84c7-bb9e3e570ad2\">Herunterladen<\/a><\/div>\n","protected":false},"excerpt":{"rendered":"<p>Am vergangenen Sonntag hat es nach Corona-bedingter Pause wieder einen verkaufsoffenen Sonntag in Kirchweyhe und Sudweyhe gegeben. Der B\u00fcrgerBus hat sich dabei ebenfalls auf der Bahnhofsstra\u00dfe pr\u00e4sentiert und viele Interessierte konnten sich vor Ort \u00fcber unsere ehrenamtliche T\u00e4tigkeit informieren. Ein<\/p>\n","protected":false},"author":14,"featured_media":0,"comment_status":"closed","ping_status":"closed","sticky":false,"template":"","format":"standard","meta":{"footnotes":""},"categories":[5],"tags":[],"class_list":["post-2849","post","type-post","status-publish","format-standard","hentry","category-aktuelles"],"_links":{"self":[{"href":"https:\/\/www.buergerbus-weyhe.de\/index.php?rest_route=\/wp\/v2\/posts\/2849","targetHints":{"allow":["GET"]}}],"collection":[{"href":"https:\/\/www.buergerbus-weyhe.de\/index.php?rest_route=\/wp\/v2\/posts"}],"about":[{"href":"https:\/\/www.buergerbus-weyhe.de\/index.php?rest_route=\/wp\/v2\/types\/post"}],"author":[{"embeddable":true,"href":"https:\/\/www.buergerbus-weyhe.de\/index.php?rest_route=\/wp\/v2\/users\/14"}],"replies":[{"embeddable":true,"href":"https:\/\/www.buergerbus-weyhe.de\/index.php?rest_route=%2Fwp%2Fv2%2Fcomments&post=2849"}],"version-history":[{"count":2,"href":"https:\/\/www.buergerbus-weyhe.de\/index.php?rest_route=\/wp\/v2\/posts\/2849\/revisions"}],"predecessor-version":[{"id":3211,"href":"https:\/\/www.buergerbus-weyhe.de\/index.php?rest_route=\/wp\/v2\/posts\/2849\/revisions\/3211"}],"wp:attachment":[{"href":"https:\/\/www.buergerbus-weyhe.de\/index.php?rest_route=%2Fwp%2Fv2%2Fmedia&parent=2849"}],"wp:term":[{"taxonomy":"category","embeddable":true,"href":"https:\/\/www.buergerbus-weyhe.de\/index.php?rest_route=%2Fwp%2Fv2%2Fcategories&post=2849"},{"taxonomy":"post_tag","embeddable":true,"href":"https:\/\/www.buergerbus-weyhe.de\/index.php?rest_route=%2Fwp%2Fv2%2Ftags&post=2849"}],"curies":[{"name":"wp","href":"https:\/\/api.w.org\/{rel}","templated":true}]}}