{"id":2679,"date":"2021-10-26T17:14:50","date_gmt":"2021-10-26T16:14:50","guid":{"rendered":"http:\/\/www.buergerbus-weyhe.de\/?p=2679"},"modified":"2021-10-26T17:14:52","modified_gmt":"2021-10-26T16:14:52","slug":"probuergerbus-niedersachsen-pressemitteilung","status":"publish","type":"post","link":"https:\/\/www.buergerbus-weyhe.de\/?p=2679","title":{"rendered":"ProB\u00fcrgerBus Niedersachsen &#8211; Pressemitteilung"},"content":{"rendered":"\n<p>Anl\u00e4\u00dflich der Jahreshausptversammlung von ProB\u00fcrgerBus Niedersachsen am 16. Oktober 2021 wurde die nachfolgende Pressemitteilung herausgegegeben, die wir unseren interessierten Fahrg\u00e4sten nicht vorenthalten m\u00f6chten.<\/p>\n\n\n\n<p><\/p>\n\n\n\n<div data-wp-interactive=\"core\/file\" class=\"wp-block-file\"><object data-wp-bind--hidden=\"!state.hasPdfPreview\" hidden class=\"wp-block-file__embed\" data=\"https:\/\/www.buergerbus-weyhe.de\/wp-content\/uploads\/2021\/10\/PRESSEINFORMATION-PROBu\u0308rgerBus-Niedersachsen.pdf\" type=\"application\/pdf\" style=\"width:100%;height:600px\" aria-label=\"Einbettung von Einbettung von PRESSEINFORMATION PROBu\u0308rgerBus Niedersachsen..\"><\/object><a href=\"https:\/\/www.buergerbus-weyhe.de\/wp-content\/uploads\/2021\/10\/PRESSEINFORMATION-PROBu\u0308rgerBus-Niedersachsen.pdf\">PRESSEINFORMATION PROBu\u0308rgerBus Niedersachsen<\/a><a href=\"https:\/\/www.buergerbus-weyhe.de\/wp-content\/uploads\/2021\/10\/PRESSEINFORMATION-PROBu\u0308rgerBus-Niedersachsen.pdf\" class=\"wp-block-file__button\" download>Herunterladen<\/a><\/div>\n","protected":false},"excerpt":{"rendered":"<p>Anl\u00e4\u00dflich der Jahreshausptversammlung von ProB\u00fcrgerBus Niedersachsen am 16. Oktober 2021 wurde die nachfolgende Pressemitteilung herausgegegeben, die wir unseren interessierten Fahrg\u00e4sten nicht vorenthalten m\u00f6chten.<\/p>\n","protected":false},"author":14,"featured_media":0,"comment_status":"closed","ping_status":"open","sticky":false,"template":"","format":"standard","meta":{"footnotes":""},"categories":[5],"tags":[],"class_list":["post-2679","post","type-post","status-publish","format-standard","hentry","category-aktuelles"],"_links":{"self":[{"href":"https:\/\/www.buergerbus-weyhe.de\/index.php?rest_route=\/wp\/v2\/posts\/2679","targetHints":{"allow":["GET"]}}],"collection":[{"href":"https:\/\/www.buergerbus-weyhe.de\/index.php?rest_route=\/wp\/v2\/posts"}],"about":[{"href":"https:\/\/www.buergerbus-weyhe.de\/index.php?rest_route=\/wp\/v2\/types\/post"}],"author":[{"embeddable":true,"href":"https:\/\/www.buergerbus-weyhe.de\/index.php?rest_route=\/wp\/v2\/users\/14"}],"replies":[{"embeddable":true,"href":"https:\/\/www.buergerbus-weyhe.de\/index.php?rest_route=%2Fwp%2Fv2%2Fcomments&post=2679"}],"version-history":[{"count":1,"href":"https:\/\/www.buergerbus-weyhe.de\/index.php?rest_route=\/wp\/v2\/posts\/2679\/revisions"}],"predecessor-version":[{"id":2680,"href":"https:\/\/www.buergerbus-weyhe.de\/index.php?rest_route=\/wp\/v2\/posts\/2679\/revisions\/2680"}],"wp:attachment":[{"href":"https:\/\/www.buergerbus-weyhe.de\/index.php?rest_route=%2Fwp%2Fv2%2Fmedia&parent=2679"}],"wp:term":[{"taxonomy":"category","embeddable":true,"href":"https:\/\/www.buergerbus-weyhe.de\/index.php?rest_route=%2Fwp%2Fv2%2Fcategories&post=2679"},{"taxonomy":"post_tag","embeddable":true,"href":"https:\/\/www.buergerbus-weyhe.de\/index.php?rest_route=%2Fwp%2Fv2%2Ftags&post=2679"}],"curies":[{"name":"wp","href":"https:\/\/api.w.org\/{rel}","templated":true}]}}