{"id":2599,"date":"2021-08-04T15:10:48","date_gmt":"2021-08-04T14:10:48","guid":{"rendered":"http:\/\/www.buergerbus-weyhe.de\/?p=2599"},"modified":"2023-07-20T10:49:11","modified_gmt":"2023-07-20T09:49:11","slug":"der-buergerbus-weyhe-e-v-feiert-20jaehriges-jubilaeum","status":"publish","type":"post","link":"https:\/\/www.buergerbus-weyhe.de\/?p=2599","title":{"rendered":"Der B\u00fcrgerBus Weyhe e.V.   &#8222;feiert&#8220;  20j\u00e4hriges Jubil\u00e4um"},"content":{"rendered":"\n<p>Der B\u00fcrgerBus Weyhe e.V.  begeht in diesem Jahr sein 20.  Jubil\u00e4um und hat  in dieser Zeit mehr als 400.000 Fahrg\u00e4ste bef\u00f6rdert. Eine geplante Jubil\u00e4umsfeier konnte auf Grund der Corona-Pandemie leider nicht stattfinden. Die Kreiszeitung berichtet heute jedoch \u00fcber die Erfolgsgeschichte des B\u00fcrgerBus Weyhe e.V.<\/p>\n\n\n\n<p><a href=\"https:\/\/www.kreiszeitung.de\/lokales\/diepholz\/weyhe-ort54198\/erfolgsgeschichte-wird-weitergeschrieben-90900097.html\">Hier geht es <\/a>zum Artikel in der Kreisszeitung vom 04. August 2021<\/p>\n","protected":false},"excerpt":{"rendered":"<p>Der B\u00fcrgerBus Weyhe e.V. begeht in diesem Jahr sein 20. Jubil\u00e4um und hat in dieser Zeit mehr als 400.000 Fahrg\u00e4ste bef\u00f6rdert. Eine geplante Jubil\u00e4umsfeier konnte auf Grund der Corona-Pandemie leider nicht stattfinden. Die Kreiszeitung berichtet heute jedoch \u00fcber die Erfolgsgeschichte<\/p>\n","protected":false},"author":14,"featured_media":0,"comment_status":"closed","ping_status":"open","sticky":false,"template":"","format":"standard","meta":{"footnotes":""},"categories":[5,6],"tags":[],"class_list":["post-2599","post","type-post","status-publish","format-standard","hentry","category-aktuelles","category-chronik"],"_links":{"self":[{"href":"https:\/\/www.buergerbus-weyhe.de\/index.php?rest_route=\/wp\/v2\/posts\/2599","targetHints":{"allow":["GET"]}}],"collection":[{"href":"https:\/\/www.buergerbus-weyhe.de\/index.php?rest_route=\/wp\/v2\/posts"}],"about":[{"href":"https:\/\/www.buergerbus-weyhe.de\/index.php?rest_route=\/wp\/v2\/types\/post"}],"author":[{"embeddable":true,"href":"https:\/\/www.buergerbus-weyhe.de\/index.php?rest_route=\/wp\/v2\/users\/14"}],"replies":[{"embeddable":true,"href":"https:\/\/www.buergerbus-weyhe.de\/index.php?rest_route=%2Fwp%2Fv2%2Fcomments&post=2599"}],"version-history":[{"count":2,"href":"https:\/\/www.buergerbus-weyhe.de\/index.php?rest_route=\/wp\/v2\/posts\/2599\/revisions"}],"predecessor-version":[{"id":2602,"href":"https:\/\/www.buergerbus-weyhe.de\/index.php?rest_route=\/wp\/v2\/posts\/2599\/revisions\/2602"}],"wp:attachment":[{"href":"https:\/\/www.buergerbus-weyhe.de\/index.php?rest_route=%2Fwp%2Fv2%2Fmedia&parent=2599"}],"wp:term":[{"taxonomy":"category","embeddable":true,"href":"https:\/\/www.buergerbus-weyhe.de\/index.php?rest_route=%2Fwp%2Fv2%2Fcategories&post=2599"},{"taxonomy":"post_tag","embeddable":true,"href":"https:\/\/www.buergerbus-weyhe.de\/index.php?rest_route=%2Fwp%2Fv2%2Ftags&post=2599"}],"curies":[{"name":"wp","href":"https:\/\/api.w.org\/{rel}","templated":true}]}}