{"id":2525,"date":"2021-06-21T12:09:49","date_gmt":"2021-06-21T11:09:49","guid":{"rendered":"http:\/\/www.buergerbus-weyhe.de\/?p=2525"},"modified":"2023-07-20T10:48:40","modified_gmt":"2023-07-20T09:48:40","slug":"buergerbus-weyhe-ehrt-400-000-fahrgast","status":"publish","type":"post","link":"https:\/\/www.buergerbus-weyhe.de\/?p=2525","title":{"rendered":"B\u00fcrgerBus Weyhe ehrt 400.000. Fahrgast"},"content":{"rendered":"\n<p>Am 10. Juni 2001 fuhr der erste B\u00fcrgerBus durch die Gemeinde Weyhe und fast auf den Tag genau zwanzig Jahre sp\u00e4ter wurde mit Hanne und Wolfgang B\u00f6sselmann der 400.000. Fahrgast begr\u00fc\u00dft und mit einem Blumenstrau\u00df geehrt. Zu diesem Ereignis hatten sich, neben etlichen Fahrerinnen und Fahrern, auch der B\u00fcrgermeister  der Gemeinde Weyhe, Frank Seidel, der Leiter der Kreissparkasse in Kirchweyhe als Hauptsponsor des B\u00fcrgerBus Weyhe, Klaus Husmann sowie Stefan Bendrien vom ZVBN eingefunden.<\/p>\n\n\n\n<p>Hanne und Wolfgang B\u00f6sselmann fahren seit Jahren mit dem B\u00fcrgerBus, nutzen ihn um zu \u00c4rzten nach Leeste und zur Sparkasse in Kirchweyhe zu kommen oder um einzukaufen. Vor gut einem Jahr haben sie ihr Auto abgeschafft und mu\u00dften in der Pandemie notgedrungen auf Taxi umsteigen, als der B\u00fcrgerBus mehrere Monate corona-bedingt nicht fuhr. Umso mehr  freuen sich die beiden, da\u00df der B\u00fcrgerBus nun &#8222;wieder am Start&#8220; ist. <\/p>\n\n\n\n<div class=\"wp-block-image\"><figure class=\"aligncenter size-large\"><a href=\"https:\/\/www.buergerbus-weyhe.de\/wp-content\/uploads\/2021\/06\/17.pdf..jpg\"><img loading=\"lazy\" decoding=\"async\" width=\"800\" height=\"532\" src=\"https:\/\/www.buergerbus-weyhe.de\/wp-content\/uploads\/2021\/06\/17.pdf..jpg\" alt=\"\" class=\"wp-image-2526\" srcset=\"https:\/\/www.buergerbus-weyhe.de\/wp-content\/uploads\/2021\/06\/17.pdf..jpg 800w, https:\/\/www.buergerbus-weyhe.de\/wp-content\/uploads\/2021\/06\/17.pdf.-300x200.jpg 300w, https:\/\/www.buergerbus-weyhe.de\/wp-content\/uploads\/2021\/06\/17.pdf.-768x511.jpg 768w\" sizes=\"auto, (max-width: 800px) 100vw, 800px\" \/><\/a><figcaption>Foto: Olaf Kaiser<\/figcaption><\/figure><\/div>\n\n\n\n<p><\/p>\n","protected":false},"excerpt":{"rendered":"<p>Am 10. Juni 2001 fuhr der erste B\u00fcrgerBus durch die Gemeinde Weyhe und fast auf den Tag genau zwanzig Jahre sp\u00e4ter wurde mit Hanne und Wolfgang B\u00f6sselmann der 400.000. Fahrgast begr\u00fc\u00dft und mit einem Blumenstrau\u00df geehrt. Zu diesem Ereignis hatten<\/p>\n","protected":false},"author":14,"featured_media":0,"comment_status":"closed","ping_status":"open","sticky":false,"template":"","format":"standard","meta":{"footnotes":""},"categories":[5,6],"tags":[],"class_list":["post-2525","post","type-post","status-publish","format-standard","hentry","category-aktuelles","category-chronik"],"_links":{"self":[{"href":"https:\/\/www.buergerbus-weyhe.de\/index.php?rest_route=\/wp\/v2\/posts\/2525","targetHints":{"allow":["GET"]}}],"collection":[{"href":"https:\/\/www.buergerbus-weyhe.de\/index.php?rest_route=\/wp\/v2\/posts"}],"about":[{"href":"https:\/\/www.buergerbus-weyhe.de\/index.php?rest_route=\/wp\/v2\/types\/post"}],"author":[{"embeddable":true,"href":"https:\/\/www.buergerbus-weyhe.de\/index.php?rest_route=\/wp\/v2\/users\/14"}],"replies":[{"embeddable":true,"href":"https:\/\/www.buergerbus-weyhe.de\/index.php?rest_route=%2Fwp%2Fv2%2Fcomments&post=2525"}],"version-history":[{"count":4,"href":"https:\/\/www.buergerbus-weyhe.de\/index.php?rest_route=\/wp\/v2\/posts\/2525\/revisions"}],"predecessor-version":[{"id":2533,"href":"https:\/\/www.buergerbus-weyhe.de\/index.php?rest_route=\/wp\/v2\/posts\/2525\/revisions\/2533"}],"wp:attachment":[{"href":"https:\/\/www.buergerbus-weyhe.de\/index.php?rest_route=%2Fwp%2Fv2%2Fmedia&parent=2525"}],"wp:term":[{"taxonomy":"category","embeddable":true,"href":"https:\/\/www.buergerbus-weyhe.de\/index.php?rest_route=%2Fwp%2Fv2%2Fcategories&post=2525"},{"taxonomy":"post_tag","embeddable":true,"href":"https:\/\/www.buergerbus-weyhe.de\/index.php?rest_route=%2Fwp%2Fv2%2Ftags&post=2525"}],"curies":[{"name":"wp","href":"https:\/\/api.w.org\/{rel}","templated":true}]}}