{"id":231,"date":"2014-02-17T11:35:18","date_gmt":"2014-02-17T09:35:18","guid":{"rendered":"http:\/\/www.xn--brgerbus-weyhe-gsb.de\/wordpress\/?p=231"},"modified":"2015-02-02T11:35:53","modified_gmt":"2015-02-02T09:35:53","slug":"buergerbusvereine-auf-kohltour","status":"publish","type":"post","link":"https:\/\/www.buergerbus-weyhe.de\/?p=231","title":{"rendered":"B\u00fcrgerBusvereine auf Kohltour"},"content":{"rendered":"<p>160 Fahrer, Mitglieder und Vorstandsmitglieder der 14 B\u00fcrgerbusvereine der Region Bremen brachen am Sonntag, den 16. Februar 2014 in Leeste zu ihrer Kohl- und Pinkeltour auf. Ausrichter war der Weyher B\u00fcrgerbus-Verein. Die \u00fcberwiegend mit ihren Bussen angereisten Teilnehmer trafen sich morgens am Leester Bahnhof, wo B\u00fcrgermeister Frank Lemmermann sie begr\u00fc\u00dfte. Danach starteten sie mit der Museumsbahn Pingelheini zu einer Reise in die Vergangenheit des Personennahverkehrs.<\/p>\n","protected":false},"excerpt":{"rendered":"<p>160 Fahrer, Mitglieder und Vorstandsmitglieder der 14 B\u00fcrgerbusvereine der Region Bremen brachen am Sonntag, den 16. Februar 2014 in Leeste zu ihrer Kohl- und Pinkeltour auf. Ausrichter war der Weyher B\u00fcrgerbus-Verein. Die \u00fcberwiegend mit ihren Bussen angereisten Teilnehmer trafen sich<\/p>\n","protected":false},"author":14,"featured_media":0,"comment_status":"closed","ping_status":"open","sticky":false,"template":"","format":"standard","meta":{"footnotes":""},"categories":[5],"tags":[],"class_list":["post-231","post","type-post","status-publish","format-standard","hentry","category-aktuelles"],"_links":{"self":[{"href":"https:\/\/www.buergerbus-weyhe.de\/index.php?rest_route=\/wp\/v2\/posts\/231","targetHints":{"allow":["GET"]}}],"collection":[{"href":"https:\/\/www.buergerbus-weyhe.de\/index.php?rest_route=\/wp\/v2\/posts"}],"about":[{"href":"https:\/\/www.buergerbus-weyhe.de\/index.php?rest_route=\/wp\/v2\/types\/post"}],"author":[{"embeddable":true,"href":"https:\/\/www.buergerbus-weyhe.de\/index.php?rest_route=\/wp\/v2\/users\/14"}],"replies":[{"embeddable":true,"href":"https:\/\/www.buergerbus-weyhe.de\/index.php?rest_route=%2Fwp%2Fv2%2Fcomments&post=231"}],"version-history":[{"count":1,"href":"https:\/\/www.buergerbus-weyhe.de\/index.php?rest_route=\/wp\/v2\/posts\/231\/revisions"}],"predecessor-version":[{"id":232,"href":"https:\/\/www.buergerbus-weyhe.de\/index.php?rest_route=\/wp\/v2\/posts\/231\/revisions\/232"}],"wp:attachment":[{"href":"https:\/\/www.buergerbus-weyhe.de\/index.php?rest_route=%2Fwp%2Fv2%2Fmedia&parent=231"}],"wp:term":[{"taxonomy":"category","embeddable":true,"href":"https:\/\/www.buergerbus-weyhe.de\/index.php?rest_route=%2Fwp%2Fv2%2Fcategories&post=231"},{"taxonomy":"post_tag","embeddable":true,"href":"https:\/\/www.buergerbus-weyhe.de\/index.php?rest_route=%2Fwp%2Fv2%2Ftags&post=231"}],"curies":[{"name":"wp","href":"https:\/\/api.w.org\/{rel}","templated":true}]}}