{"id":2303,"date":"2020-06-10T12:32:21","date_gmt":"2020-06-10T11:32:21","guid":{"rendered":"http:\/\/www.buergerbus-weyhe.de\/?p=2303"},"modified":"2023-07-20T10:46:34","modified_gmt":"2023-07-20T09:46:34","slug":"wir-fahren-wieder","status":"publish","type":"post","link":"https:\/\/www.buergerbus-weyhe.de\/?p=2303","title":{"rendered":"Wir fahren wieder !"},"content":{"rendered":"\n<p>Nachdem der Busbetrieb seit Mitte M\u00e4rz bedingt durch Corona eingestellt war, werden <strong>ab dem 15. Juni 2020<\/strong> die beiden Linien 116 und 117 mit dem gewohnten Fahrplan wieder in Betrieb gehen. Nur die Haltestellen \u201eVo\u00dfmeyer\u201c und \u201eKurzer Geestweg\u201c in Sudweyhe k\u00f6nnen leider wegen der Sperrung der Stra\u00dfe \u201eIm M\u00fchlengrunde\u201c nicht wie gewohnt angefahren werden.<br>\u201eWir wissen durch Anrufe, die uns erreicht haben, dass viele Fahrg\u00e4ste schon sehns\u00fcchtig darauf warten, dass der B\u00fcrgerbus wieder f\u00e4hrt\u201c so die 1. Vorsitzende, Regine v. Larcher. <strong>Leider werden wir nur ein reduziertes Sitzplatzangebot<\/strong> zur Verf\u00fcgung stellen k\u00f6nnen, da auch in unseren Kleinbussen der Mindestabstand von 1,5m zwischen Personen einzuhalten ist. Unsere Fahrer<em>innen sind zus\u00e4tzlich durch eine Polyglasabtrennung vom Fahrgastraum getrennt. <strong>Dar\u00fcber hinaus m\u00fcssen unsere Fahrg\u00e4ste grunds\u00e4tzlich einen Mund-Nasen-Schutz tragen<\/strong>. <strong>Ohne diesen Schutz<\/strong> <\/em><strong><em>k\u00f6nnen sie nicht mitgenommen werden. Unsere Fahrg\u00e4ste m\u00fcssen sich auch bis auf weiteres darauf einstellen, dass sie von unseren Fahrer<\/em>innen keine Hilfe beim Ein- bzw. Ausstieg bekommen k\u00f6nnen.<\/strong><br>Laut unserem Hygieneplan werden unsere Busse nach jeder Schicht desinfiziert, um ein Ansteckungsrisiko so gering wie m\u00f6glich zu halten.<\/p>\n\n\n\n<p>Alle diese Ma\u00dfnahmen sind zum Schutz der Fahrg\u00e4ste und unserer Fahrer*innen, die ja fast alle zur Risikogruppe \u201e\u00e4ltere Menschen\u201c geh\u00f6ren, unbedingt erforderlich. Trotz dieser notwendigen, Corona bedingten Einschr\u00e4nkungen freuen wir uns, den Betrieb wieder aufnehmen zu k\u00f6nnen und hoffentlich f\u00fcr unsere Fahrg\u00e4ste ein St\u00fcck \u201eNormalit\u00e4t\u201c zur\u00fcck zu bringen.<\/p>\n\n\n\n<p>.<\/p>\n","protected":false},"excerpt":{"rendered":"<p>Nachdem der Busbetrieb seit Mitte M\u00e4rz bedingt durch Corona eingestellt war, werden ab dem 15. Juni 2020 die beiden Linien 116 und 117 mit dem gewohnten Fahrplan wieder in Betrieb gehen. Nur die Haltestellen \u201eVo\u00dfmeyer\u201c und \u201eKurzer Geestweg\u201c in Sudweyhe<\/p>\n","protected":false},"author":14,"featured_media":0,"comment_status":"closed","ping_status":"open","sticky":false,"template":"","format":"standard","meta":{"footnotes":""},"categories":[5,6],"tags":[],"class_list":["post-2303","post","type-post","status-publish","format-standard","hentry","category-aktuelles","category-chronik"],"_links":{"self":[{"href":"https:\/\/www.buergerbus-weyhe.de\/index.php?rest_route=\/wp\/v2\/posts\/2303","targetHints":{"allow":["GET"]}}],"collection":[{"href":"https:\/\/www.buergerbus-weyhe.de\/index.php?rest_route=\/wp\/v2\/posts"}],"about":[{"href":"https:\/\/www.buergerbus-weyhe.de\/index.php?rest_route=\/wp\/v2\/types\/post"}],"author":[{"embeddable":true,"href":"https:\/\/www.buergerbus-weyhe.de\/index.php?rest_route=\/wp\/v2\/users\/14"}],"replies":[{"embeddable":true,"href":"https:\/\/www.buergerbus-weyhe.de\/index.php?rest_route=%2Fwp%2Fv2%2Fcomments&post=2303"}],"version-history":[{"count":1,"href":"https:\/\/www.buergerbus-weyhe.de\/index.php?rest_route=\/wp\/v2\/posts\/2303\/revisions"}],"predecessor-version":[{"id":2304,"href":"https:\/\/www.buergerbus-weyhe.de\/index.php?rest_route=\/wp\/v2\/posts\/2303\/revisions\/2304"}],"wp:attachment":[{"href":"https:\/\/www.buergerbus-weyhe.de\/index.php?rest_route=%2Fwp%2Fv2%2Fmedia&parent=2303"}],"wp:term":[{"taxonomy":"category","embeddable":true,"href":"https:\/\/www.buergerbus-weyhe.de\/index.php?rest_route=%2Fwp%2Fv2%2Fcategories&post=2303"},{"taxonomy":"post_tag","embeddable":true,"href":"https:\/\/www.buergerbus-weyhe.de\/index.php?rest_route=%2Fwp%2Fv2%2Ftags&post=2303"}],"curies":[{"name":"wp","href":"https:\/\/api.w.org\/{rel}","templated":true}]}}