{"id":2186,"date":"2021-11-25T13:04:00","date_gmt":"2021-11-25T12:04:00","guid":{"rendered":"http:\/\/www.buergerbus-weyhe.de\/?p=2186"},"modified":"2021-11-25T17:43:59","modified_gmt":"2021-11-25T16:43:59","slug":"adventsfahrten-2019","status":"publish","type":"post","link":"https:\/\/www.buergerbus-weyhe.de\/?p=2186","title":{"rendered":"Adventsfahrten 2021"},"content":{"rendered":"\n<p>Liebe Fahrg\u00e4ste !<\/p>\n\n\n\n<p>Der B\u00fcrgerbus f\u00e4hrt an den kommenden Advents-Samstagen <strong>nur nachmittags<\/strong> auf der <strong>Linie 117<\/strong>&nbsp; <strong>gem. Fahrplan<\/strong> von Erichshof \u00fcber Kirchweyhe Marktplatz ( mit Weihnachtsmarkt ) nach Sudweyhe und zur\u00fcck. <\/p>\n\n\n\n<p>Die Bef\u00f6rderung der Fahrg\u00e4ste <strong>unter Einhaltung der 3G-Regel<\/strong> erfolgt kostenlos.<\/p>\n","protected":false},"excerpt":{"rendered":"<p>Liebe Fahrg\u00e4ste ! Der B\u00fcrgerbus f\u00e4hrt an den kommenden Advents-Samstagen nur nachmittags auf der Linie 117&nbsp; gem. Fahrplan von Erichshof \u00fcber Kirchweyhe Marktplatz ( mit Weihnachtsmarkt ) nach Sudweyhe und zur\u00fcck. Die Bef\u00f6rderung der Fahrg\u00e4ste unter Einhaltung der 3G-Regel erfolgt<\/p>\n","protected":false},"author":14,"featured_media":0,"comment_status":"closed","ping_status":"open","sticky":false,"template":"","format":"standard","meta":{"footnotes":""},"categories":[5],"tags":[],"class_list":["post-2186","post","type-post","status-publish","format-standard","hentry","category-aktuelles"],"_links":{"self":[{"href":"https:\/\/www.buergerbus-weyhe.de\/index.php?rest_route=\/wp\/v2\/posts\/2186","targetHints":{"allow":["GET"]}}],"collection":[{"href":"https:\/\/www.buergerbus-weyhe.de\/index.php?rest_route=\/wp\/v2\/posts"}],"about":[{"href":"https:\/\/www.buergerbus-weyhe.de\/index.php?rest_route=\/wp\/v2\/types\/post"}],"author":[{"embeddable":true,"href":"https:\/\/www.buergerbus-weyhe.de\/index.php?rest_route=\/wp\/v2\/users\/14"}],"replies":[{"embeddable":true,"href":"https:\/\/www.buergerbus-weyhe.de\/index.php?rest_route=%2Fwp%2Fv2%2Fcomments&post=2186"}],"version-history":[{"count":3,"href":"https:\/\/www.buergerbus-weyhe.de\/index.php?rest_route=\/wp\/v2\/posts\/2186\/revisions"}],"predecessor-version":[{"id":2729,"href":"https:\/\/www.buergerbus-weyhe.de\/index.php?rest_route=\/wp\/v2\/posts\/2186\/revisions\/2729"}],"wp:attachment":[{"href":"https:\/\/www.buergerbus-weyhe.de\/index.php?rest_route=%2Fwp%2Fv2%2Fmedia&parent=2186"}],"wp:term":[{"taxonomy":"category","embeddable":true,"href":"https:\/\/www.buergerbus-weyhe.de\/index.php?rest_route=%2Fwp%2Fv2%2Fcategories&post=2186"},{"taxonomy":"post_tag","embeddable":true,"href":"https:\/\/www.buergerbus-weyhe.de\/index.php?rest_route=%2Fwp%2Fv2%2Ftags&post=2186"}],"curies":[{"name":"wp","href":"https:\/\/api.w.org\/{rel}","templated":true}]}}