{"id":1106,"date":"2016-07-06T11:33:53","date_gmt":"2016-07-06T10:33:53","guid":{"rendered":"http:\/\/www.buergerbus-weyhe.de\/?p=1106"},"modified":"2016-07-06T11:33:53","modified_gmt":"2016-07-06T10:33:53","slug":"ein-buergerbus-fahrer-berichtet","status":"publish","type":"post","link":"https:\/\/www.buergerbus-weyhe.de\/?p=1106","title":{"rendered":"Ein B\u00fcrgerbus-Fahrer berichtet"},"content":{"rendered":"<p>Unser Fahrer Gerhard Hoffmann erz\u00e4hlt aus seinem Leben als Fahrer des B\u00fcrgerBus Weyhe. Die Kreiszeitung berichtet hier\u00fcber in ihrer Ausgabe vom 06.07.2016.<\/p>\n<p><a href=\"https:\/\/www.buergerbus-weyhe.de\/wp-content\/uploads\/2016\/07\/Ausschnitt_Seite_11_06072016.pdf\">Ausschnitt_Seite_11_06072016<\/a><\/p>\n","protected":false},"excerpt":{"rendered":"<p>Unser Fahrer Gerhard Hoffmann erz\u00e4hlt aus seinem Leben als Fahrer des B\u00fcrgerBus Weyhe. Die Kreiszeitung berichtet hier\u00fcber in ihrer Ausgabe vom 06.07.2016. Ausschnitt_Seite_11_06072016<\/p>\n","protected":false},"author":14,"featured_media":0,"comment_status":"closed","ping_status":"open","sticky":false,"template":"","format":"standard","meta":{"footnotes":""},"categories":[5],"tags":[],"class_list":["post-1106","post","type-post","status-publish","format-standard","hentry","category-aktuelles"],"_links":{"self":[{"href":"https:\/\/www.buergerbus-weyhe.de\/index.php?rest_route=\/wp\/v2\/posts\/1106","targetHints":{"allow":["GET"]}}],"collection":[{"href":"https:\/\/www.buergerbus-weyhe.de\/index.php?rest_route=\/wp\/v2\/posts"}],"about":[{"href":"https:\/\/www.buergerbus-weyhe.de\/index.php?rest_route=\/wp\/v2\/types\/post"}],"author":[{"embeddable":true,"href":"https:\/\/www.buergerbus-weyhe.de\/index.php?rest_route=\/wp\/v2\/users\/14"}],"replies":[{"embeddable":true,"href":"https:\/\/www.buergerbus-weyhe.de\/index.php?rest_route=%2Fwp%2Fv2%2Fcomments&post=1106"}],"version-history":[{"count":1,"href":"https:\/\/www.buergerbus-weyhe.de\/index.php?rest_route=\/wp\/v2\/posts\/1106\/revisions"}],"predecessor-version":[{"id":1108,"href":"https:\/\/www.buergerbus-weyhe.de\/index.php?rest_route=\/wp\/v2\/posts\/1106\/revisions\/1108"}],"wp:attachment":[{"href":"https:\/\/www.buergerbus-weyhe.de\/index.php?rest_route=%2Fwp%2Fv2%2Fmedia&parent=1106"}],"wp:term":[{"taxonomy":"category","embeddable":true,"href":"https:\/\/www.buergerbus-weyhe.de\/index.php?rest_route=%2Fwp%2Fv2%2Fcategories&post=1106"},{"taxonomy":"post_tag","embeddable":true,"href":"https:\/\/www.buergerbus-weyhe.de\/index.php?rest_route=%2Fwp%2Fv2%2Ftags&post=1106"}],"curies":[{"name":"wp","href":"https:\/\/api.w.org\/{rel}","templated":true}]}}